{"id":863,"date":"2022-03-17T09:56:08","date_gmt":"2022-03-17T12:56:08","guid":{"rendered":"https:\/\/goedertgroup.com\/?p=863"},"modified":"2022-03-17T09:56:08","modified_gmt":"2022-03-17T12:56:08","slug":"dia-da-fruta","status":"publish","type":"post","link":"https:\/\/goedertgroup.com\/es\/dia-da-fruta\/","title":{"rendered":"Temos o Dia da Fruta para estimular h\u00e1bitos saud\u00e1veis"},"content":{"rendered":"<p>Uma simples atitude pode ser o incentivo que faltava para rever h\u00e1bitos.\u00a0Essa foi a nossa inten\u00e7\u00e3o ao implantarmos, duas vezes por m\u00eas, o Dia da Fruta para todos os colaboradores que trabalham presencialmente no Goedert Group.<\/p>\n<p>Todos sabemos que as frutas oferecem in\u00fameros benef\u00edcios, como maior absor\u00e7\u00e3o de nutrientes e fibras, sensa\u00e7\u00e3o de saciedade, disposi\u00e7\u00e3o, energia e melhora at\u00e9 o humor. Mas n\u00e3o queremos ficar s\u00f3 nos cartazes explicativos. Afinal, acreditamos que empresa de sucesso \u00e9 aquela que realmente se preocupa com a sa\u00fade dos seus colaboradores.<\/p>","protected":false},"excerpt":{"rendered":"<p>Uma simples atitude pode ser o incentivo que faltava para rever h\u00e1bitos.\u00a0Essa foi a nossa inten\u00e7\u00e3o ao implantarmo ...","protected":false},"author":3,"featured_media":864,"comment_status":"open","ping_status":"open","sticky":false,"template":"","format":"standard","meta":{"_acf_changed":false,"footnotes":""},"categories":[1],"tags":[86,77,29,75],"class_list":["post-863","post","type-post","status-publish","format-standard","has-post-thumbnail","hentry","category-sem-categoria","tag-dia-da-fruta","tag-empresa-saudavel","tag-gptw","tag-respeito-pelas-pessoas"],"acf":[],"yoast_head":"<!-- This site is optimized with the Yoast SEO plugin v27.4 - https:\/\/yoast.com\/product\/yoast-seo-wordpress\/ -->\n<title>Temos o Dia da Fruta para estimular h\u00e1bitos saud\u00e1veis - Goedert Group<\/title>\n<meta name=\"description\" content=\"Uma simples atitude pode ser o incentivo que faltava para rever h\u00e1bitos, essa foi a nossa inten\u00e7\u00e3o ao colocarmos frutas no card\u00e1pio\" \/>\n<meta name=\"robots\" content=\"index, follow, max-snippet:-1, max-image-preview:large, max-video-preview:-1\" \/>\n<link rel=\"canonical\" href=\"https:\/\/goedertgroup.com\/es\/dia-da-fruta\/\" \/>\n<meta property=\"og:locale\" content=\"es_ES\" \/>\n<meta property=\"og:type\" content=\"article\" \/>\n<meta property=\"og:title\" content=\"Temos o Dia da Fruta para estimular h\u00e1bitos saud\u00e1veis - Goedert Group\" \/>\n<meta property=\"og:description\" content=\"Uma simples atitude pode ser o incentivo que faltava para rever h\u00e1bitos, essa foi a nossa inten\u00e7\u00e3o ao colocarmos frutas no card\u00e1pio\" \/>\n<meta property=\"og:url\" content=\"https:\/\/goedertgroup.com\/es\/dia-da-fruta\/\" \/>\n<meta property=\"og:site_name\" content=\"Goedert Group\" \/>\n<meta property=\"article:published_time\" content=\"2022-03-17T12:56:08+00:00\" \/>\n<meta property=\"og:image\" content=\"https:\/\/goedertgroup.com\/wp-content\/uploads\/2022\/03\/diafruta.jpg\" \/>\n\t<meta property=\"og:image:width\" content=\"974\" \/>\n\t<meta property=\"og:image:height\" content=\"368\" \/>\n\t<meta property=\"og:image:type\" content=\"image\/jpeg\" \/>\n<meta name=\"author\" content=\"Conte\u00fado Goedert\" \/>\n<meta name=\"twitter:card\" content=\"summary_large_image\" \/>\n<meta name=\"twitter:label1\" content=\"Written by\" \/>\n\t<meta name=\"twitter:data1\" content=\"Conte\u00fado Goedert\" \/>\n\t<meta name=\"twitter:label2\" content=\"Est. reading time\" \/>\n\t<meta name=\"twitter:data2\" content=\"1 minute\" \/>\n<script type=\"application\/ld+json\" class=\"yoast-schema-graph\">{\"@context\":\"https:\\\/\\\/schema.org\",\"@graph\":[{\"@type\":\"Article\",\"@id\":\"https:\\\/\\\/goedertgroup.com\\\/dia-da-fruta\\\/#article\",\"isPartOf\":{\"@id\":\"https:\\\/\\\/goedertgroup.com\\\/dia-da-fruta\\\/\"},\"author\":{\"name\":\"Conte\u00fado Goedert\",\"@id\":\"https:\\\/\\\/site.goedertgroup.com.br\\\/en\\\/#\\\/schema\\\/person\\\/0c450f7845effdd28ad0b0ec50365ed6\"},\"headline\":\"Temos o Dia da Fruta para estimular h\u00e1bitos saud\u00e1veis\",\"datePublished\":\"2022-03-17T12:56:08+00:00\",\"mainEntityOfPage\":{\"@id\":\"https:\\\/\\\/goedertgroup.com\\\/dia-da-fruta\\\/\"},\"wordCount\":108,\"commentCount\":0,\"image\":{\"@id\":\"https:\\\/\\\/goedertgroup.com\\\/dia-da-fruta\\\/#primaryimage\"},\"thumbnailUrl\":\"https:\\\/\\\/goedertgroup.com\\\/wp-content\\\/uploads\\\/2022\\\/03\\\/diafruta.jpg\",\"keywords\":[\"Dia da Fruta\",\"empresa saud\u00e1vel\",\"GPTW\",\"respeito pelas pessoas\"],\"articleSection\":[\"Sem categoria\"],\"inLanguage\":\"es-ES\"},{\"@type\":\"WebPage\",\"@id\":\"https:\\\/\\\/goedertgroup.com\\\/dia-da-fruta\\\/\",\"url\":\"https:\\\/\\\/goedertgroup.com\\\/dia-da-fruta\\\/\",\"name\":\"Temos o Dia da Fruta para estimular h\u00e1bitos saud\u00e1veis - Goedert Group\",\"isPartOf\":{\"@id\":\"https:\\\/\\\/site.goedertgroup.com.br\\\/en\\\/#website\"},\"primaryImageOfPage\":{\"@id\":\"https:\\\/\\\/goedertgroup.com\\\/dia-da-fruta\\\/#primaryimage\"},\"image\":{\"@id\":\"https:\\\/\\\/goedertgroup.com\\\/dia-da-fruta\\\/#primaryimage\"},\"thumbnailUrl\":\"https:\\\/\\\/goedertgroup.com\\\/wp-content\\\/uploads\\\/2022\\\/03\\\/diafruta.jpg\",\"datePublished\":\"2022-03-17T12:56:08+00:00\",\"author\":{\"@id\":\"https:\\\/\\\/site.goedertgroup.com.br\\\/en\\\/#\\\/schema\\\/person\\\/0c450f7845effdd28ad0b0ec50365ed6\"},\"description\":\"Uma simples atitude pode ser o incentivo que faltava para rever h\u00e1bitos, essa foi a nossa inten\u00e7\u00e3o ao colocarmos frutas no card\u00e1pio\",\"breadcrumb\":{\"@id\":\"https:\\\/\\\/goedertgroup.com\\\/dia-da-fruta\\\/#breadcrumb\"},\"inLanguage\":\"es-ES\",\"potentialAction\":[{\"@type\":\"ReadAction\",\"target\":[\"https:\\\/\\\/goedertgroup.com\\\/dia-da-fruta\\\/\"]}]},{\"@type\":\"ImageObject\",\"inLanguage\":\"es-ES\",\"@id\":\"https:\\\/\\\/goedertgroup.com\\\/dia-da-fruta\\\/#primaryimage\",\"url\":\"https:\\\/\\\/goedertgroup.com\\\/wp-content\\\/uploads\\\/2022\\\/03\\\/diafruta.jpg\",\"contentUrl\":\"https:\\\/\\\/goedertgroup.com\\\/wp-content\\\/uploads\\\/2022\\\/03\\\/diafruta.jpg\",\"width\":974,\"height\":368},{\"@type\":\"BreadcrumbList\",\"@id\":\"https:\\\/\\\/goedertgroup.com\\\/dia-da-fruta\\\/#breadcrumb\",\"itemListElement\":[{\"@type\":\"ListItem\",\"position\":1,\"name\":\"In\u00edcio\",\"item\":\"https:\\\/\\\/site.goedertgroup.com.br\\\/en\\\/\"},{\"@type\":\"ListItem\",\"position\":2,\"name\":\"Temos o Dia da Fruta para estimular h\u00e1bitos saud\u00e1veis\"}]},{\"@type\":\"WebSite\",\"@id\":\"https:\\\/\\\/site.goedertgroup.com.br\\\/en\\\/#website\",\"url\":\"https:\\\/\\\/site.goedertgroup.com.br\\\/en\\\/\",\"name\":\"Goedert Group\",\"description\":\"Qualidade em Higiene\",\"potentialAction\":[{\"@type\":\"SearchAction\",\"target\":{\"@type\":\"EntryPoint\",\"urlTemplate\":\"https:\\\/\\\/site.goedertgroup.com.br\\\/en\\\/?s={search_term_string}\"},\"query-input\":{\"@type\":\"PropertyValueSpecification\",\"valueRequired\":true,\"valueName\":\"search_term_string\"}}],\"inLanguage\":\"es-ES\"},{\"@type\":\"Person\",\"@id\":\"https:\\\/\\\/site.goedertgroup.com.br\\\/en\\\/#\\\/schema\\\/person\\\/0c450f7845effdd28ad0b0ec50365ed6\",\"name\":\"Conte\u00fado Goedert\",\"image\":{\"@type\":\"ImageObject\",\"inLanguage\":\"es-ES\",\"@id\":\"https:\\\/\\\/secure.gravatar.com\\\/avatar\\\/5836b4ce16ed25b0d7552a519ca0f9a20e60137ecc507ceaad42f29caa86b1fb?s=96&d=mm&r=g\",\"url\":\"https:\\\/\\\/secure.gravatar.com\\\/avatar\\\/5836b4ce16ed25b0d7552a519ca0f9a20e60137ecc507ceaad42f29caa86b1fb?s=96&d=mm&r=g\",\"contentUrl\":\"https:\\\/\\\/secure.gravatar.com\\\/avatar\\\/5836b4ce16ed25b0d7552a519ca0f9a20e60137ecc507ceaad42f29caa86b1fb?s=96&d=mm&r=g\",\"caption\":\"Conte\u00fado Goedert\"},\"url\":\"https:\\\/\\\/goedertgroup.com\\\/es\\\/author\\\/conteudo\\\/\"}]}<\/script>\n<!-- \/ Yoast SEO plugin. -->","yoast_head_json":{"title":"Temos o Dia da Fruta para estimular h\u00e1bitos saud\u00e1veis - Goedert Group","description":"Uma simples atitude pode ser o incentivo que faltava para rever h\u00e1bitos, essa foi a nossa inten\u00e7\u00e3o ao colocarmos frutas no card\u00e1pio","robots":{"index":"index","follow":"follow","max-snippet":"max-snippet:-1","max-image-preview":"max-image-preview:large","max-video-preview":"max-video-preview:-1"},"canonical":"https:\/\/goedertgroup.com\/es\/dia-da-fruta\/","og_locale":"es_ES","og_type":"article","og_title":"Temos o Dia da Fruta para estimular h\u00e1bitos saud\u00e1veis - Goedert Group","og_description":"Uma simples atitude pode ser o incentivo que faltava para rever h\u00e1bitos, essa foi a nossa inten\u00e7\u00e3o ao colocarmos frutas no card\u00e1pio","og_url":"https:\/\/goedertgroup.com\/es\/dia-da-fruta\/","og_site_name":"Goedert Group","article_published_time":"2022-03-17T12:56:08+00:00","og_image":[{"width":974,"height":368,"url":"https:\/\/goedertgroup.com\/wp-content\/uploads\/2022\/03\/diafruta.jpg","type":"image\/jpeg"}],"author":"Conte\u00fado Goedert","twitter_card":"summary_large_image","twitter_misc":{"Written by":"Conte\u00fado Goedert","Est. reading time":"1 minute"},"schema":{"@context":"https:\/\/schema.org","@graph":[{"@type":"Article","@id":"https:\/\/goedertgroup.com\/dia-da-fruta\/#article","isPartOf":{"@id":"https:\/\/goedertgroup.com\/dia-da-fruta\/"},"author":{"name":"Conte\u00fado Goedert","@id":"https:\/\/site.goedertgroup.com.br\/en\/#\/schema\/person\/0c450f7845effdd28ad0b0ec50365ed6"},"headline":"Temos o Dia da Fruta para estimular h\u00e1bitos saud\u00e1veis","datePublished":"2022-03-17T12:56:08+00:00","mainEntityOfPage":{"@id":"https:\/\/goedertgroup.com\/dia-da-fruta\/"},"wordCount":108,"commentCount":0,"image":{"@id":"https:\/\/goedertgroup.com\/dia-da-fruta\/#primaryimage"},"thumbnailUrl":"https:\/\/goedertgroup.com\/wp-content\/uploads\/2022\/03\/diafruta.jpg","keywords":["Dia da Fruta","empresa saud\u00e1vel","GPTW","respeito pelas pessoas"],"articleSection":["Sem categoria"],"inLanguage":"es-ES"},{"@type":"WebPage","@id":"https:\/\/goedertgroup.com\/dia-da-fruta\/","url":"https:\/\/goedertgroup.com\/dia-da-fruta\/","name":"Temos o Dia da Fruta para estimular h\u00e1bitos saud\u00e1veis - Goedert Group","isPartOf":{"@id":"https:\/\/site.goedertgroup.com.br\/en\/#website"},"primaryImageOfPage":{"@id":"https:\/\/goedertgroup.com\/dia-da-fruta\/#primaryimage"},"image":{"@id":"https:\/\/goedertgroup.com\/dia-da-fruta\/#primaryimage"},"thumbnailUrl":"https:\/\/goedertgroup.com\/wp-content\/uploads\/2022\/03\/diafruta.jpg","datePublished":"2022-03-17T12:56:08+00:00","author":{"@id":"https:\/\/site.goedertgroup.com.br\/en\/#\/schema\/person\/0c450f7845effdd28ad0b0ec50365ed6"},"description":"Uma simples atitude pode ser o incentivo que faltava para rever h\u00e1bitos, essa foi a nossa inten\u00e7\u00e3o ao colocarmos frutas no card\u00e1pio","breadcrumb":{"@id":"https:\/\/goedertgroup.com\/dia-da-fruta\/#breadcrumb"},"inLanguage":"es-ES","potentialAction":[{"@type":"ReadAction","target":["https:\/\/goedertgroup.com\/dia-da-fruta\/"]}]},{"@type":"ImageObject","inLanguage":"es-ES","@id":"https:\/\/goedertgroup.com\/dia-da-fruta\/#primaryimage","url":"https:\/\/goedertgroup.com\/wp-content\/uploads\/2022\/03\/diafruta.jpg","contentUrl":"https:\/\/goedertgroup.com\/wp-content\/uploads\/2022\/03\/diafruta.jpg","width":974,"height":368},{"@type":"BreadcrumbList","@id":"https:\/\/goedertgroup.com\/dia-da-fruta\/#breadcrumb","itemListElement":[{"@type":"ListItem","position":1,"name":"In\u00edcio","item":"https:\/\/site.goedertgroup.com.br\/en\/"},{"@type":"ListItem","position":2,"name":"Temos o Dia da Fruta para estimular h\u00e1bitos saud\u00e1veis"}]},{"@type":"WebSite","@id":"https:\/\/site.goedertgroup.com.br\/en\/#website","url":"https:\/\/site.goedertgroup.com.br\/en\/","name":"Goedert Group","description":"Qualidade em Higiene","potentialAction":[{"@type":"SearchAction","target":{"@type":"EntryPoint","urlTemplate":"https:\/\/site.goedertgroup.com.br\/en\/?s={search_term_string}"},"query-input":{"@type":"PropertyValueSpecification","valueRequired":true,"valueName":"search_term_string"}}],"inLanguage":"es-ES"},{"@type":"Person","@id":"https:\/\/site.goedertgroup.com.br\/en\/#\/schema\/person\/0c450f7845effdd28ad0b0ec50365ed6","name":"Conte\u00fado Goedert","image":{"@type":"ImageObject","inLanguage":"es-ES","@id":"https:\/\/secure.gravatar.com\/avatar\/5836b4ce16ed25b0d7552a519ca0f9a20e60137ecc507ceaad42f29caa86b1fb?s=96&d=mm&r=g","url":"https:\/\/secure.gravatar.com\/avatar\/5836b4ce16ed25b0d7552a519ca0f9a20e60137ecc507ceaad42f29caa86b1fb?s=96&d=mm&r=g","contentUrl":"https:\/\/secure.gravatar.com\/avatar\/5836b4ce16ed25b0d7552a519ca0f9a20e60137ecc507ceaad42f29caa86b1fb?s=96&d=mm&r=g","caption":"Conte\u00fado Goedert"},"url":"https:\/\/goedertgroup.com\/es\/author\/conteudo\/"}]}},"_links":{"self":[{"href":"https:\/\/goedertgroup.com\/es\/wp-json\/wp\/v2\/posts\/863","targetHints":{"allow":["GET"]}}],"collection":[{"href":"https:\/\/goedertgroup.com\/es\/wp-json\/wp\/v2\/posts"}],"about":[{"href":"https:\/\/goedertgroup.com\/es\/wp-json\/wp\/v2\/types\/post"}],"author":[{"embeddable":true,"href":"https:\/\/goedertgroup.com\/es\/wp-json\/wp\/v2\/users\/3"}],"replies":[{"embeddable":true,"href":"https:\/\/goedertgroup.com\/es\/wp-json\/wp\/v2\/comments?post=863"}],"version-history":[{"count":1,"href":"https:\/\/goedertgroup.com\/es\/wp-json\/wp\/v2\/posts\/863\/revisions"}],"predecessor-version":[{"id":865,"href":"https:\/\/goedertgroup.com\/es\/wp-json\/wp\/v2\/posts\/863\/revisions\/865"}],"wp:featuredmedia":[{"embeddable":true,"href":"https:\/\/goedertgroup.com\/es\/wp-json\/wp\/v2\/media\/864"}],"wp:attachment":[{"href":"https:\/\/goedertgroup.com\/es\/wp-json\/wp\/v2\/media?parent=863"}],"wp:term":[{"taxonomy":"category","embeddable":true,"href":"https:\/\/goedertgroup.com\/es\/wp-json\/wp\/v2\/categories?post=863"},{"taxonomy":"post_tag","embeddable":true,"href":"https:\/\/goedertgroup.com\/es\/wp-json\/wp\/v2\/tags?post=863"}],"curies":[{"name":"wp","href":"https:\/\/api.w.org\/{rel}","templated":true}]}}