{"id":792,"date":"2022-01-25T17:32:46","date_gmt":"2022-01-25T20:32:46","guid":{"rendered":"https:\/\/goedertgroup.com\/?p=792"},"modified":"2022-01-25T17:32:46","modified_gmt":"2022-01-25T20:32:46","slug":"hora-de-refletir-agradecer-tracar-metas-e-comemorar","status":"publish","type":"post","link":"https:\/\/goedertgroup.com\/en\/hora-de-refletir-agradecer-tracar-metas-e-comemorar\/","title":{"rendered":"Hora de refletir, agradecer, tra\u00e7ar metas e comemorar!"},"content":{"rendered":"<p>Na \u00faltima semana realizamos nosso maior evento, a Conven\u00e7\u00e3o Anual para os nossos representantes e os mais de 600 colaboradores.<\/p>\n<p>Reunimos o time para tra\u00e7armos as pr\u00f3ximas metas, nossos planos de expans\u00e3o, al\u00e9m de comemorar e agradecer o empenho de todos em 2021, que resultou em um grande crescimento sustent\u00e1vel para o Goedert Group, fazendo acontecer, cada vez mais, o nosso sonho grande: o de cuidar das pessoas, em todos os momentos.<\/p>\n<p>O evento foi transmitido online para todas as nossas unidades atrav\u00e9s de tel\u00f5es e via link do YouTube para o pessoal do home office.<\/p>\n<p>Entre as principais atra\u00e7\u00f5es, tivemos:<\/p>\n<ul>\n<li>Pr\u00eamio Quales \u2013 para agradecer e reconhecer os colaboradores que mais contribu\u00edram para o crescimento e bom relacionamento dentro da empresa.<\/li>\n<li>Trof\u00e9u Destaque do Ano \u2013 dedicado aos profissionais do nosso comercial que se destacaram nas vendas e entregaram resultados al\u00e9m do esperado em 2021.<\/li>\n<li>Palestra com Lars Grael \u2013 transmitida online e ao vivo para toda a empresa, nosso medalhista ol\u00edmpico falou sobre como superou seus limites no esporte e na vida, inspirando a todos n\u00f3s.<\/li>\n<li>E ainda sorteamos diversas premia\u00e7\u00f5es, entre elas uma viagem com acompanhante, TVs, smartphones, bicicletas, etc.<\/li>\n<\/ul>\n<p>Terminamos a noite com a certeza de que teremos ainda mais motivos para comemorar na pr\u00f3xima Conven\u00e7\u00e3o Anual, porque juntos #SuperamosLimites! \ud83d\ude80<\/p>\n<p>#descricaodaimagem O post come\u00e7a com o selo da Conven\u00e7\u00e3o Anual 2022: \u201cSuperando Limites\u201d, em seguida h\u00e1 uma foto da imagem da transmiss\u00e3o online, de um ganhador do Pr\u00eamio Quales, do Trof\u00e9u Destaque do Ano e da palestra com Lars Grael. Por \u00faltimo, a frase: \u201cHora de refletir, agradecer, tra\u00e7ar metas e comemorar!\u201d. Fim da descri\u00e7\u00e3o.<\/p>","protected":false},"excerpt":{"rendered":"<p>Na \u00faltima semana realizamos nosso maior evento, a Conven\u00e7\u00e3o Anual para os nossos representantes e os mais de 600 c ...","protected":false},"author":3,"featured_media":793,"comment_status":"open","ping_status":"open","sticky":false,"template":"","format":"standard","meta":{"_acf_changed":false,"footnotes":""},"categories":[1],"tags":[60,63,44,61,62],"class_list":["post-792","post","type-post","status-publish","format-standard","has-post-thumbnail","hentry","category-sem-categoria","tag-convencao-anual","tag-destaques-do-ano","tag-reconhecimento","tag-superar-limites","tag-trofeus-quales"],"acf":[],"yoast_head":"<!-- This site is optimized with the Yoast SEO plugin v27.5 - https:\/\/yoast.com\/product\/yoast-seo-wordpress\/ -->\n<title>Hora de refletir, agradecer, tra\u00e7ar metas e comemorar! - Goedert Group<\/title>\n<meta name=\"robots\" content=\"index, follow, max-snippet:-1, max-image-preview:large, max-video-preview:-1\" \/>\n<link rel=\"canonical\" href=\"https:\/\/goedertgroup.com\/en\/hora-de-refletir-agradecer-tracar-metas-e-comemorar\/\" \/>\n<meta property=\"og:locale\" content=\"en_US\" \/>\n<meta property=\"og:type\" content=\"article\" \/>\n<meta property=\"og:title\" content=\"Hora de refletir, agradecer, tra\u00e7ar metas e comemorar! - Goedert Group\" \/>\n<meta property=\"og:description\" content=\"Na \u00faltima semana realizamos nosso maior evento, a Conven\u00e7\u00e3o Anual para os nossos representantes e os mais de 600 colaboradores. Reunimos o time para tra\u00e7armos as pr\u00f3ximas metas, nossos planos de expans\u00e3o, al\u00e9m de comemorar e agradecer o empenho de todos em 2021, que resultou em um grande crescimento sustent\u00e1vel para o Goedert Group, fazendoLer mais\" \/>\n<meta property=\"og:url\" content=\"https:\/\/goedertgroup.com\/en\/hora-de-refletir-agradecer-tracar-metas-e-comemorar\/\" \/>\n<meta property=\"og:site_name\" content=\"Goedert Group\" \/>\n<meta property=\"article:published_time\" content=\"2022-01-25T20:32:46+00:00\" \/>\n<meta property=\"og:image\" content=\"https:\/\/goedertgroup.com\/wp-content\/uploads\/2022\/01\/convencao.jpg\" \/>\n\t<meta property=\"og:image:width\" content=\"500\" \/>\n\t<meta property=\"og:image:height\" content=\"191\" \/>\n\t<meta property=\"og:image:type\" content=\"image\/jpeg\" \/>\n<meta name=\"author\" content=\"Conte\u00fado Goedert\" \/>\n<meta name=\"twitter:card\" content=\"summary_large_image\" \/>\n<meta name=\"twitter:label1\" content=\"Written by\" \/>\n\t<meta name=\"twitter:data1\" content=\"Conte\u00fado Goedert\" \/>\n\t<meta name=\"twitter:label2\" content=\"Est. reading time\" \/>\n\t<meta name=\"twitter:data2\" content=\"2 minutes\" \/>\n<script type=\"application\/ld+json\" class=\"yoast-schema-graph\">{\"@context\":\"https:\\\/\\\/schema.org\",\"@graph\":[{\"@type\":\"Article\",\"@id\":\"https:\\\/\\\/goedertgroup.com\\\/es\\\/hora-de-refletir-agradecer-tracar-metas-e-comemorar\\\/#article\",\"isPartOf\":{\"@id\":\"https:\\\/\\\/goedertgroup.com\\\/es\\\/hora-de-refletir-agradecer-tracar-metas-e-comemorar\\\/\"},\"author\":{\"name\":\"Conte\u00fado Goedert\",\"@id\":\"https:\\\/\\\/goedertgroup.com\\\/#\\\/schema\\\/person\\\/0c450f7845effdd28ad0b0ec50365ed6\"},\"headline\":\"Hora de refletir, agradecer, tra\u00e7ar metas e comemorar!\",\"datePublished\":\"2022-01-25T20:32:46+00:00\",\"mainEntityOfPage\":{\"@id\":\"https:\\\/\\\/goedertgroup.com\\\/es\\\/hora-de-refletir-agradecer-tracar-metas-e-comemorar\\\/\"},\"wordCount\":296,\"commentCount\":0,\"image\":{\"@id\":\"https:\\\/\\\/goedertgroup.com\\\/es\\\/hora-de-refletir-agradecer-tracar-metas-e-comemorar\\\/#primaryimage\"},\"thumbnailUrl\":\"https:\\\/\\\/goedertgroup.com\\\/wp-content\\\/uploads\\\/2022\\\/01\\\/convencao.jpg\",\"keywords\":[\"conven\u00e7\u00e3o anual\",\"destaques do ano\",\"reconhecimento\",\"superar limites\",\"trof\u00e9us quales\"],\"articleSection\":[\"Sem categoria\"],\"inLanguage\":\"en-US\"},{\"@type\":\"WebPage\",\"@id\":\"https:\\\/\\\/goedertgroup.com\\\/es\\\/hora-de-refletir-agradecer-tracar-metas-e-comemorar\\\/\",\"url\":\"https:\\\/\\\/goedertgroup.com\\\/es\\\/hora-de-refletir-agradecer-tracar-metas-e-comemorar\\\/\",\"name\":\"Hora de refletir, agradecer, tra\u00e7ar metas e comemorar! - Goedert Group\",\"isPartOf\":{\"@id\":\"https:\\\/\\\/goedertgroup.com\\\/#website\"},\"primaryImageOfPage\":{\"@id\":\"https:\\\/\\\/goedertgroup.com\\\/es\\\/hora-de-refletir-agradecer-tracar-metas-e-comemorar\\\/#primaryimage\"},\"image\":{\"@id\":\"https:\\\/\\\/goedertgroup.com\\\/es\\\/hora-de-refletir-agradecer-tracar-metas-e-comemorar\\\/#primaryimage\"},\"thumbnailUrl\":\"https:\\\/\\\/goedertgroup.com\\\/wp-content\\\/uploads\\\/2022\\\/01\\\/convencao.jpg\",\"datePublished\":\"2022-01-25T20:32:46+00:00\",\"author\":{\"@id\":\"https:\\\/\\\/goedertgroup.com\\\/#\\\/schema\\\/person\\\/0c450f7845effdd28ad0b0ec50365ed6\"},\"breadcrumb\":{\"@id\":\"https:\\\/\\\/goedertgroup.com\\\/es\\\/hora-de-refletir-agradecer-tracar-metas-e-comemorar\\\/#breadcrumb\"},\"inLanguage\":\"en-US\",\"potentialAction\":[{\"@type\":\"ReadAction\",\"target\":[\"https:\\\/\\\/goedertgroup.com\\\/es\\\/hora-de-refletir-agradecer-tracar-metas-e-comemorar\\\/\"]}]},{\"@type\":\"ImageObject\",\"inLanguage\":\"en-US\",\"@id\":\"https:\\\/\\\/goedertgroup.com\\\/es\\\/hora-de-refletir-agradecer-tracar-metas-e-comemorar\\\/#primaryimage\",\"url\":\"https:\\\/\\\/goedertgroup.com\\\/wp-content\\\/uploads\\\/2022\\\/01\\\/convencao.jpg\",\"contentUrl\":\"https:\\\/\\\/goedertgroup.com\\\/wp-content\\\/uploads\\\/2022\\\/01\\\/convencao.jpg\",\"width\":500,\"height\":191},{\"@type\":\"BreadcrumbList\",\"@id\":\"https:\\\/\\\/goedertgroup.com\\\/es\\\/hora-de-refletir-agradecer-tracar-metas-e-comemorar\\\/#breadcrumb\",\"itemListElement\":[{\"@type\":\"ListItem\",\"position\":1,\"name\":\"In\u00edcio\",\"item\":\"https:\\\/\\\/goedertgroup.com\\\/\"},{\"@type\":\"ListItem\",\"position\":2,\"name\":\"Hora de refletir, agradecer, tra\u00e7ar metas e comemorar!\"}]},{\"@type\":\"WebSite\",\"@id\":\"https:\\\/\\\/goedertgroup.com\\\/#website\",\"url\":\"https:\\\/\\\/goedertgroup.com\\\/\",\"name\":\"Goedert Group\",\"description\":\"Qualidade em Higiene\",\"potentialAction\":[{\"@type\":\"SearchAction\",\"target\":{\"@type\":\"EntryPoint\",\"urlTemplate\":\"https:\\\/\\\/goedertgroup.com\\\/?s={search_term_string}\"},\"query-input\":{\"@type\":\"PropertyValueSpecification\",\"valueRequired\":true,\"valueName\":\"search_term_string\"}}],\"inLanguage\":\"en-US\"},{\"@type\":\"Person\",\"@id\":\"https:\\\/\\\/goedertgroup.com\\\/#\\\/schema\\\/person\\\/0c450f7845effdd28ad0b0ec50365ed6\",\"name\":\"Conte\u00fado Goedert\",\"image\":{\"@type\":\"ImageObject\",\"inLanguage\":\"en-US\",\"@id\":\"https:\\\/\\\/secure.gravatar.com\\\/avatar\\\/5836b4ce16ed25b0d7552a519ca0f9a20e60137ecc507ceaad42f29caa86b1fb?s=96&d=mm&r=g\",\"url\":\"https:\\\/\\\/secure.gravatar.com\\\/avatar\\\/5836b4ce16ed25b0d7552a519ca0f9a20e60137ecc507ceaad42f29caa86b1fb?s=96&d=mm&r=g\",\"contentUrl\":\"https:\\\/\\\/secure.gravatar.com\\\/avatar\\\/5836b4ce16ed25b0d7552a519ca0f9a20e60137ecc507ceaad42f29caa86b1fb?s=96&d=mm&r=g\",\"caption\":\"Conte\u00fado Goedert\"},\"url\":\"https:\\\/\\\/goedertgroup.com\\\/en\\\/author\\\/conteudo\\\/\"}]}<\/script>\n<!-- \/ Yoast SEO plugin. -->","yoast_head_json":{"title":"Hora de refletir, agradecer, tra\u00e7ar metas e comemorar! - Goedert Group","robots":{"index":"index","follow":"follow","max-snippet":"max-snippet:-1","max-image-preview":"max-image-preview:large","max-video-preview":"max-video-preview:-1"},"canonical":"https:\/\/goedertgroup.com\/en\/hora-de-refletir-agradecer-tracar-metas-e-comemorar\/","og_locale":"en_US","og_type":"article","og_title":"Hora de refletir, agradecer, tra\u00e7ar metas e comemorar! - Goedert Group","og_description":"Na \u00faltima semana realizamos nosso maior evento, a Conven\u00e7\u00e3o Anual para os nossos representantes e os mais de 600 colaboradores. Reunimos o time para tra\u00e7armos as pr\u00f3ximas metas, nossos planos de expans\u00e3o, al\u00e9m de comemorar e agradecer o empenho de todos em 2021, que resultou em um grande crescimento sustent\u00e1vel para o Goedert Group, fazendoLer mais","og_url":"https:\/\/goedertgroup.com\/en\/hora-de-refletir-agradecer-tracar-metas-e-comemorar\/","og_site_name":"Goedert Group","article_published_time":"2022-01-25T20:32:46+00:00","og_image":[{"width":500,"height":191,"url":"https:\/\/goedertgroup.com\/wp-content\/uploads\/2022\/01\/convencao.jpg","type":"image\/jpeg"}],"author":"Conte\u00fado Goedert","twitter_card":"summary_large_image","twitter_misc":{"Written by":"Conte\u00fado Goedert","Est. reading time":"2 minutes"},"schema":{"@context":"https:\/\/schema.org","@graph":[{"@type":"Article","@id":"https:\/\/goedertgroup.com\/es\/hora-de-refletir-agradecer-tracar-metas-e-comemorar\/#article","isPartOf":{"@id":"https:\/\/goedertgroup.com\/es\/hora-de-refletir-agradecer-tracar-metas-e-comemorar\/"},"author":{"name":"Conte\u00fado Goedert","@id":"https:\/\/goedertgroup.com\/#\/schema\/person\/0c450f7845effdd28ad0b0ec50365ed6"},"headline":"Hora de refletir, agradecer, tra\u00e7ar metas e comemorar!","datePublished":"2022-01-25T20:32:46+00:00","mainEntityOfPage":{"@id":"https:\/\/goedertgroup.com\/es\/hora-de-refletir-agradecer-tracar-metas-e-comemorar\/"},"wordCount":296,"commentCount":0,"image":{"@id":"https:\/\/goedertgroup.com\/es\/hora-de-refletir-agradecer-tracar-metas-e-comemorar\/#primaryimage"},"thumbnailUrl":"https:\/\/goedertgroup.com\/wp-content\/uploads\/2022\/01\/convencao.jpg","keywords":["conven\u00e7\u00e3o anual","destaques do ano","reconhecimento","superar limites","trof\u00e9us quales"],"articleSection":["Sem categoria"],"inLanguage":"en-US"},{"@type":"WebPage","@id":"https:\/\/goedertgroup.com\/es\/hora-de-refletir-agradecer-tracar-metas-e-comemorar\/","url":"https:\/\/goedertgroup.com\/es\/hora-de-refletir-agradecer-tracar-metas-e-comemorar\/","name":"Hora de refletir, agradecer, tra\u00e7ar metas e comemorar! - Goedert Group","isPartOf":{"@id":"https:\/\/goedertgroup.com\/#website"},"primaryImageOfPage":{"@id":"https:\/\/goedertgroup.com\/es\/hora-de-refletir-agradecer-tracar-metas-e-comemorar\/#primaryimage"},"image":{"@id":"https:\/\/goedertgroup.com\/es\/hora-de-refletir-agradecer-tracar-metas-e-comemorar\/#primaryimage"},"thumbnailUrl":"https:\/\/goedertgroup.com\/wp-content\/uploads\/2022\/01\/convencao.jpg","datePublished":"2022-01-25T20:32:46+00:00","author":{"@id":"https:\/\/goedertgroup.com\/#\/schema\/person\/0c450f7845effdd28ad0b0ec50365ed6"},"breadcrumb":{"@id":"https:\/\/goedertgroup.com\/es\/hora-de-refletir-agradecer-tracar-metas-e-comemorar\/#breadcrumb"},"inLanguage":"en-US","potentialAction":[{"@type":"ReadAction","target":["https:\/\/goedertgroup.com\/es\/hora-de-refletir-agradecer-tracar-metas-e-comemorar\/"]}]},{"@type":"ImageObject","inLanguage":"en-US","@id":"https:\/\/goedertgroup.com\/es\/hora-de-refletir-agradecer-tracar-metas-e-comemorar\/#primaryimage","url":"https:\/\/goedertgroup.com\/wp-content\/uploads\/2022\/01\/convencao.jpg","contentUrl":"https:\/\/goedertgroup.com\/wp-content\/uploads\/2022\/01\/convencao.jpg","width":500,"height":191},{"@type":"BreadcrumbList","@id":"https:\/\/goedertgroup.com\/es\/hora-de-refletir-agradecer-tracar-metas-e-comemorar\/#breadcrumb","itemListElement":[{"@type":"ListItem","position":1,"name":"In\u00edcio","item":"https:\/\/goedertgroup.com\/"},{"@type":"ListItem","position":2,"name":"Hora de refletir, agradecer, tra\u00e7ar metas e comemorar!"}]},{"@type":"WebSite","@id":"https:\/\/goedertgroup.com\/#website","url":"https:\/\/goedertgroup.com\/","name":"Goedert Group","description":"Qualidade em Higiene","potentialAction":[{"@type":"SearchAction","target":{"@type":"EntryPoint","urlTemplate":"https:\/\/goedertgroup.com\/?s={search_term_string}"},"query-input":{"@type":"PropertyValueSpecification","valueRequired":true,"valueName":"search_term_string"}}],"inLanguage":"en-US"},{"@type":"Person","@id":"https:\/\/goedertgroup.com\/#\/schema\/person\/0c450f7845effdd28ad0b0ec50365ed6","name":"Conte\u00fado Goedert","image":{"@type":"ImageObject","inLanguage":"en-US","@id":"https:\/\/secure.gravatar.com\/avatar\/5836b4ce16ed25b0d7552a519ca0f9a20e60137ecc507ceaad42f29caa86b1fb?s=96&d=mm&r=g","url":"https:\/\/secure.gravatar.com\/avatar\/5836b4ce16ed25b0d7552a519ca0f9a20e60137ecc507ceaad42f29caa86b1fb?s=96&d=mm&r=g","contentUrl":"https:\/\/secure.gravatar.com\/avatar\/5836b4ce16ed25b0d7552a519ca0f9a20e60137ecc507ceaad42f29caa86b1fb?s=96&d=mm&r=g","caption":"Conte\u00fado Goedert"},"url":"https:\/\/goedertgroup.com\/en\/author\/conteudo\/"}]}},"_links":{"self":[{"href":"https:\/\/goedertgroup.com\/en\/wp-json\/wp\/v2\/posts\/792","targetHints":{"allow":["GET"]}}],"collection":[{"href":"https:\/\/goedertgroup.com\/en\/wp-json\/wp\/v2\/posts"}],"about":[{"href":"https:\/\/goedertgroup.com\/en\/wp-json\/wp\/v2\/types\/post"}],"author":[{"embeddable":true,"href":"https:\/\/goedertgroup.com\/en\/wp-json\/wp\/v2\/users\/3"}],"replies":[{"embeddable":true,"href":"https:\/\/goedertgroup.com\/en\/wp-json\/wp\/v2\/comments?post=792"}],"version-history":[{"count":1,"href":"https:\/\/goedertgroup.com\/en\/wp-json\/wp\/v2\/posts\/792\/revisions"}],"predecessor-version":[{"id":794,"href":"https:\/\/goedertgroup.com\/en\/wp-json\/wp\/v2\/posts\/792\/revisions\/794"}],"wp:featuredmedia":[{"embeddable":true,"href":"https:\/\/goedertgroup.com\/en\/wp-json\/wp\/v2\/media\/793"}],"wp:attachment":[{"href":"https:\/\/goedertgroup.com\/en\/wp-json\/wp\/v2\/media?parent=792"}],"wp:term":[{"taxonomy":"category","embeddable":true,"href":"https:\/\/goedertgroup.com\/en\/wp-json\/wp\/v2\/categories?post=792"},{"taxonomy":"post_tag","embeddable":true,"href":"https:\/\/goedertgroup.com\/en\/wp-json\/wp\/v2\/tags?post=792"}],"curies":[{"name":"wp","href":"https:\/\/api.w.org\/{rel}","templated":true}]}}